{"id":12396,"date":"2020-07-18T20:20:38","date_gmt":"2020-07-19T01:20:38","guid":{"rendered":"https:\/\/colmabrija.edu.co\/web\/?p=12396"},"modified":"2020-07-18T20:28:24","modified_gmt":"2020-07-19T01:28:24","slug":"conmemoracion-del-20-de-julio","status":"publish","type":"post","link":"https:\/\/colmabrija.edu.co\/web\/conmemoracion-del-20-de-julio\/","title":{"rendered":"Conmemoraci\u00f3n del 20 de julio"},"content":{"rendered":"<p>Izada de bandera organizada por los alumnos de 2A, 7D y 7E y sus titulares Rosa Isbelia Villamil, Laura Roc\u00edo Santiago y Elba Rosa Lizarazo.<\/p>\n<p><iframe loading=\"lazy\" src=\"https:\/\/www.youtube.com\/embed\/yFN98cGWTNs\" width=\"560\" height=\"315\" frameborder=\"0\" allowfullscreen=\"allowfullscreen\"><\/iframe><\/p>\n<p>PARTICIPANTES: Los ni\u00f1os del baile \u00abLa pollera color\u00e1\u00bb son Gisell P\u00e1jaro Galvis y\u00a0 Yordan P\u00e1jaro Le\u00f3n.<\/p>\n<p>La ni\u00f1a de las coplas lo hace con sus padres es Lizeth D\u00edaz Lopez.<\/p>\n<p>Juramento a la bandera: Jhoiner Fabi\u00e1n Conde 7E<\/p>\n<p>Oraci\u00f3n Patria: Ortiz Mercado Zharay 7E<\/p>\n<p>Trovas bailables: Botello Gallardo Mariana Alexandra 7E, lo hace en compa\u00f1\u00eda de su mam\u00e1.<\/p>\n<p>La segunda copla Arciniegas Garc\u00eda Brenda Natalia 7E.<\/p>\n<p>La canci\u00f3n \u00abColombia tierra querida\u00bb interpretada por Sharick Nikol Delgado Alvarez 7E.<\/p>\n<p>&nbsp;<\/p>\n<hr \/>\n<p>Video preparado por alumnos y titulares de 7A Rosa Miryam Mendoza y 7B Clara Carvajal para conmemorar el 20 de julio de 1810.<\/p>\n<p><iframe loading=\"lazy\" src=\"https:\/\/www.youtube.com\/embed\/YJaCVVRArRU\" width=\"560\" height=\"315\" frameborder=\"0\" allowfullscreen=\"allowfullscreen\"><\/iframe><\/p>\n","protected":false},"excerpt":{"rendered":"<p>Izada de bandera organizada por los alumnos de 2A, 7D y 7E y sus titulares Rosa Isbelia Villamil, Laura Roc\u00edo Santiago y Elba Rosa Lizarazo. PARTICIPANTES: Los ni\u00f1os del baile \u00abLa pollera color\u00e1\u00bb son Gisell P\u00e1jaro Galvis y\u00a0 Yordan P\u00e1jaro &hellip; <\/p>\n","protected":false},"author":11,"featured_media":0,"comment_status":"closed","ping_status":"closed","sticky":false,"template":"","format":"standard","meta":{"footnotes":""},"categories":[3470,3471,3467],"tags":[],"class_list":["post-12396","post","type-post","status-publish","format-standard","hentry","category-celebraciones","category-izadas-de-bandera","category-noticias"],"_links":{"self":[{"href":"https:\/\/colmabrija.edu.co\/web\/wp-json\/wp\/v2\/posts\/12396","targetHints":{"allow":["GET"]}}],"collection":[{"href":"https:\/\/colmabrija.edu.co\/web\/wp-json\/wp\/v2\/posts"}],"about":[{"href":"https:\/\/colmabrija.edu.co\/web\/wp-json\/wp\/v2\/types\/post"}],"author":[{"embeddable":true,"href":"https:\/\/colmabrija.edu.co\/web\/wp-json\/wp\/v2\/users\/11"}],"replies":[{"embeddable":true,"href":"https:\/\/colmabrija.edu.co\/web\/wp-json\/wp\/v2\/comments?post=12396"}],"version-history":[{"count":1,"href":"https:\/\/colmabrija.edu.co\/web\/wp-json\/wp\/v2\/posts\/12396\/revisions"}],"predecessor-version":[{"id":12398,"href":"https:\/\/colmabrija.edu.co\/web\/wp-json\/wp\/v2\/posts\/12396\/revisions\/12398"}],"wp:attachment":[{"href":"https:\/\/colmabrija.edu.co\/web\/wp-json\/wp\/v2\/media?parent=12396"}],"wp:term":[{"taxonomy":"category","embeddable":true,"href":"https:\/\/colmabrija.edu.co\/web\/wp-json\/wp\/v2\/categories?post=12396"},{"taxonomy":"post_tag","embeddable":true,"href":"https:\/\/colmabrija.edu.co\/web\/wp-json\/wp\/v2\/tags?post=12396"}],"curies":[{"name":"wp","href":"https:\/\/api.w.org\/{rel}","templated":true}]}}