{"id":12419,"date":"2020-08-07T09:32:50","date_gmt":"2020-08-07T14:32:50","guid":{"rendered":"https:\/\/colmabrija.edu.co\/web\/?p=12419"},"modified":"2020-08-07T09:32:50","modified_gmt":"2020-08-07T14:32:50","slug":"izada-de-bandera-batalla-de-boyaca","status":"publish","type":"post","link":"https:\/\/colmabrija.edu.co\/web\/izada-de-bandera-batalla-de-boyaca\/","title":{"rendered":"Izada de bandera Batalla de Boyac\u00e1"},"content":{"rendered":"<p><strong>Jornada Ma\u00f1ana<\/strong><\/p>\n<p>Organizado por los grados 6A y 6B, y sus titulares Diana Hurtado y Sandra M\u00e1rquez.<\/p>\n<p>https:\/\/www.youtube.com\/watch?v=xZH0NcMYmJQ<\/p>\n<p><strong>Jornada Tarde<\/strong><\/p>\n<p>Organizado por los grados 2B y 10D, y sus titulares Ana Cecilia Jaimes y Leidy Liliana Amaya.<\/p>\n<p><iframe loading=\"lazy\" title=\"Izada de bandera Batalla de Boyac\u00e1, Instituto T\u00e9cnico Padre Manuel Brice\u00f1o J\u00e1uregui Fe y Alegr\u00eda\" width=\"640\" height=\"360\" src=\"https:\/\/www.youtube.com\/embed\/GiTRGbChkMQ?feature=oembed\" frameborder=\"0\" allow=\"accelerometer; autoplay; clipboard-write; encrypted-media; gyroscope; picture-in-picture; web-share\" referrerpolicy=\"strict-origin-when-cross-origin\" allowfullscreen><\/iframe><\/p>\n","protected":false},"excerpt":{"rendered":"<p>Jornada Ma\u00f1ana Organizado por los grados 6A y 6B, y sus titulares Diana Hurtado y Sandra M\u00e1rquez. https:\/\/www.youtube.com\/watch?v=xZH0NcMYmJQ Jornada Tarde Organizado por los grados 2B y 10D, y sus titulares Ana Cecilia Jaimes y Leidy Liliana Amaya.<\/p>\n","protected":false},"author":11,"featured_media":0,"comment_status":"closed","ping_status":"closed","sticky":false,"template":"","format":"standard","meta":{"footnotes":""},"categories":[3470,3471,3467],"tags":[],"class_list":["post-12419","post","type-post","status-publish","format-standard","hentry","category-celebraciones","category-izadas-de-bandera","category-noticias"],"_links":{"self":[{"href":"https:\/\/colmabrija.edu.co\/web\/wp-json\/wp\/v2\/posts\/12419","targetHints":{"allow":["GET"]}}],"collection":[{"href":"https:\/\/colmabrija.edu.co\/web\/wp-json\/wp\/v2\/posts"}],"about":[{"href":"https:\/\/colmabrija.edu.co\/web\/wp-json\/wp\/v2\/types\/post"}],"author":[{"embeddable":true,"href":"https:\/\/colmabrija.edu.co\/web\/wp-json\/wp\/v2\/users\/11"}],"replies":[{"embeddable":true,"href":"https:\/\/colmabrija.edu.co\/web\/wp-json\/wp\/v2\/comments?post=12419"}],"version-history":[{"count":1,"href":"https:\/\/colmabrija.edu.co\/web\/wp-json\/wp\/v2\/posts\/12419\/revisions"}],"predecessor-version":[{"id":12420,"href":"https:\/\/colmabrija.edu.co\/web\/wp-json\/wp\/v2\/posts\/12419\/revisions\/12420"}],"wp:attachment":[{"href":"https:\/\/colmabrija.edu.co\/web\/wp-json\/wp\/v2\/media?parent=12419"}],"wp:term":[{"taxonomy":"category","embeddable":true,"href":"https:\/\/colmabrija.edu.co\/web\/wp-json\/wp\/v2\/categories?post=12419"},{"taxonomy":"post_tag","embeddable":true,"href":"https:\/\/colmabrija.edu.co\/web\/wp-json\/wp\/v2\/tags?post=12419"}],"curies":[{"name":"wp","href":"https:\/\/api.w.org\/{rel}","templated":true}]}}